{"id":1578,"date":"2025-12-02T16:00:20","date_gmt":"2025-12-02T16:00:20","guid":{"rendered":"https:\/\/1fmc03.de\/?p=1578"},"modified":"2025-12-02T16:00:20","modified_gmt":"2025-12-02T16:00:20","slug":"wahnsinn","status":"publish","type":"post","link":"http:\/\/1fmc03.de\/?p=1578","title":{"rendered":"Wahnsinn!"},"content":{"rendered":"<p>Am 01.12.2025 um Punkt 9 Uhr startete unseer Vorverkauf f\u00fcr den Liederabend am 07.11.2026. Wir haben in unserer &#8222;Laufbahn&#8220; ja wirklich schon viel erlebt, aber, dass \u00fcber 50% der Karten an EINEM VORMITTAG schon weg sind&#8230;das gab es noch nie! Ein herzliches Dankesch\u00f6n an alle Fans f\u00fcr dieses tolle vorweihnachtliche Geschenk! Wir freuen uns sehr, dass wir auch im 22. Jahr unseres Bestehens noch solch ein Publikum haben!<\/p>\n<p>Der Abend unter dem Motto&#8220; We\u00b4re coming home&#8220; \/ &#8222;Wir kommen nach Hause&#8220;, steht nicht nur f\u00fcr neue Songs die wir erarbeiten, sondern auch daf\u00fcr, dass wir ein Jahr &#8222;pausiert&#8220; haben &#8211; zumindest, was das Congressforum in Frankenthal angeht. Ansonsten war es ein Jahr, in wir sogar h\u00e4ufiger Auftritte hatten, als in den Jahren vorher. Nicht nur wegen der &#8222;SingMim&#8220; &#8211; Reihe, sondern auch durch die Doppel-Auftritte in Gro\u00dfkarlbach (Theater alte Werkstatt) und die beiden Liederabende in der evangelischen Kirche in Weisenheim am Sand beim Musik-und-Kulturverein &#8222;MUK e.v.&#8220;<\/p>\n<p>All das und noch viel mehr sch\u00f6ne, wie auch traurige Momente lest Ihr demn\u00e4chst in unserem Jahresr\u00fcckblick. Bis dahin w\u00fcnschen wir Euch eine gute Zeit, alles Gute und sagen mit dankbarem Herzen: Bis bald, bei &#8222;pure vocal rock\u00b4n\u00b4roll&#8220; und der kulturellen Notwendigkeit namens 1. Frankenthaler M\u00e4nnerchor \u00b403.<\/p>\n","protected":false},"excerpt":{"rendered":"<p>Am 01.12.2025 um Punkt 9 Uhr startete unseer Vorverkauf f\u00fcr den Liederabend am 07.11.2026. Wir haben in unserer &#8222;Laufbahn&#8220; ja wirklich schon viel erlebt, aber, dass \u00fcber 50% der Karten an EINEM VORMITTAG schon weg sind&#8230;das gab es noch nie! Ein herzliches Dankesch\u00f6n an alle Fans f\u00fcr dieses tolle vorweihnachtliche &hellip;<\/p>\n","protected":false},"author":1,"featured_media":1579,"comment_status":"open","ping_status":"open","sticky":false,"template":"","format":"standard","meta":{"footnotes":""},"categories":[1],"tags":[],"class_list":["post-1578","post","type-post","status-publish","format-standard","has-post-thumbnail","hentry","category-uncategorized"],"jetpack_featured_media_url":"https:\/\/i0.wp.com\/1fmc03.de\/wp-content\/uploads\/2025\/12\/Wahnsinn.png?fit=1000%2C667","_links":{"self":[{"href":"http:\/\/1fmc03.de\/index.php?rest_route=\/wp\/v2\/posts\/1578","targetHints":{"allow":["GET"]}}],"collection":[{"href":"http:\/\/1fmc03.de\/index.php?rest_route=\/wp\/v2\/posts"}],"about":[{"href":"http:\/\/1fmc03.de\/index.php?rest_route=\/wp\/v2\/types\/post"}],"author":[{"embeddable":true,"href":"http:\/\/1fmc03.de\/index.php?rest_route=\/wp\/v2\/users\/1"}],"replies":[{"embeddable":true,"href":"http:\/\/1fmc03.de\/index.php?rest_route=%2Fwp%2Fv2%2Fcomments&post=1578"}],"version-history":[{"count":1,"href":"http:\/\/1fmc03.de\/index.php?rest_route=\/wp\/v2\/posts\/1578\/revisions"}],"predecessor-version":[{"id":1580,"href":"http:\/\/1fmc03.de\/index.php?rest_route=\/wp\/v2\/posts\/1578\/revisions\/1580"}],"wp:featuredmedia":[{"embeddable":true,"href":"http:\/\/1fmc03.de\/index.php?rest_route=\/wp\/v2\/media\/1579"}],"wp:attachment":[{"href":"http:\/\/1fmc03.de\/index.php?rest_route=%2Fwp%2Fv2%2Fmedia&parent=1578"}],"wp:term":[{"taxonomy":"category","embeddable":true,"href":"http:\/\/1fmc03.de\/index.php?rest_route=%2Fwp%2Fv2%2Fcategories&post=1578"},{"taxonomy":"post_tag","embeddable":true,"href":"http:\/\/1fmc03.de\/index.php?rest_route=%2Fwp%2Fv2%2Ftags&post=1578"}],"curies":[{"name":"wp","href":"https:\/\/api.w.org\/{rel}","templated":true}]}}